{"id":3815,"date":"2018-07-20T19:00:04","date_gmt":"2018-07-21T01:00:04","guid":{"rendered":"https:\/\/loskamasdeportes.com\/home\/?p=3815"},"modified":"2018-07-20T21:29:27","modified_gmt":"2018-07-21T03:29:27","slug":"loros-lo-vuelve-a-hacer%f0%9f%91%8a%f0%9f%92%aa%e2%9a%bd","status":"publish","type":"post","link":"https:\/\/loskamasdeportes.com\/home\/?p=3815","title":{"rendered":"LOROS LO VUELVE A HACER\ud83d\udc4a\ud83d\udcaa\u26bd"},"content":{"rendered":"<p><strong>Loros de Colima<\/strong> vuelve a ganar en su tercer partido de preparaci\u00f3n, para dar cara a al inicio del nuevo <strong>torneo apertura 2018-2019<\/strong>, los actuales campeones de <strong>Liga Premier Serie A<\/strong> golean 4 goles a cero a Tecos Premier esta tarde en el <strong>Estadio Ol\u00edmpico Universitario<\/strong> de la ciudad de <strong>Colima<\/strong>.<\/p>\n<p>&nbsp;<\/p>\n<p>Los encargados de las anotaciones en la <strong>primera mitad<\/strong> del partido de la escuadra emplumada fueron los jugadores, <strong>Carlos Arreola, V\u00edctor Ma\u00f1\u00f3n y Luis Garcia<\/strong>. En la segunda mitad del encuentro los comandados por el <strong>&#8220;Pony&#8221; Ruiz<\/strong> logran concretar la &#8220;goliza&#8221; con gol del jugador Obed<strong> Estrada<\/strong>, quien pone <strong>4-0<\/strong> al marcador.<\/p>\n<p>&nbsp;<\/p>\n<p>&nbsp;<\/p>\n<p>\u26a0EL KAMA&#8217;S DATO\u26a0<\/p>\n<p>Loros de Colima espera la confirmaci\u00f3n de dos partidos m\u00e1s de preparaci\u00f3n para dar cierre a la pretemporada.<\/p>\n<p>&nbsp;<\/p>\n<p>\u00bfQU\u00c9 OPINAS? \u00a1Comentanos nene, queremos leerte!\ud83d\udcdd\ud83d\udd0d<\/p>\n<p>#MeInformoConLosKamas<br \/>\n#LigaPremierConLosKamas<\/p>\n","protected":false},"excerpt":{"rendered":"<p>Loros de Colima vuelve a ganar en su tercer partido de preparaci\u00f3n, para dar cara a al inicio del nuevo torneo apertura 2018-2019, los actuales campeones de Liga Premier Serie A golean 4 goles a cero a Tecos Premier esta tarde en el Estadio Ol\u00edmpico Universitario de la ciudad de Colima. &nbsp; Los encargados de [&hellip;]<\/p>\n","protected":false},"author":3,"featured_media":0,"comment_status":"open","ping_status":"closed","sticky":false,"template":"","format":"standard","meta":{"_exactmetrics_skip_tracking":false,"_exactmetrics_sitenote_active":false,"_exactmetrics_sitenote_note":"","_exactmetrics_sitenote_category":0,"footnotes":""},"categories":[33],"tags":[],"class_list":["post-3815","post","type-post","status-publish","format-standard","hentry","category-ligapremier"],"_links":{"self":[{"href":"https:\/\/loskamasdeportes.com\/home\/index.php?rest_route=\/wp\/v2\/posts\/3815","targetHints":{"allow":["GET"]}}],"collection":[{"href":"https:\/\/loskamasdeportes.com\/home\/index.php?rest_route=\/wp\/v2\/posts"}],"about":[{"href":"https:\/\/loskamasdeportes.com\/home\/index.php?rest_route=\/wp\/v2\/types\/post"}],"author":[{"embeddable":true,"href":"https:\/\/loskamasdeportes.com\/home\/index.php?rest_route=\/wp\/v2\/users\/3"}],"replies":[{"embeddable":true,"href":"https:\/\/loskamasdeportes.com\/home\/index.php?rest_route=%2Fwp%2Fv2%2Fcomments&post=3815"}],"version-history":[{"count":3,"href":"https:\/\/loskamasdeportes.com\/home\/index.php?rest_route=\/wp\/v2\/posts\/3815\/revisions"}],"predecessor-version":[{"id":3819,"href":"https:\/\/loskamasdeportes.com\/home\/index.php?rest_route=\/wp\/v2\/posts\/3815\/revisions\/3819"}],"wp:attachment":[{"href":"https:\/\/loskamasdeportes.com\/home\/index.php?rest_route=%2Fwp%2Fv2%2Fmedia&parent=3815"}],"wp:term":[{"taxonomy":"category","embeddable":true,"href":"https:\/\/loskamasdeportes.com\/home\/index.php?rest_route=%2Fwp%2Fv2%2Fcategories&post=3815"},{"taxonomy":"post_tag","embeddable":true,"href":"https:\/\/loskamasdeportes.com\/home\/index.php?rest_route=%2Fwp%2Fv2%2Ftags&post=3815"}],"curies":[{"name":"wp","href":"https:\/\/api.w.org\/{rel}","templated":true}]}}